{"id":1792,"date":"2023-10-06T19:52:10","date_gmt":"2023-10-06T17:52:10","guid":{"rendered":"https:\/\/petrakubaskova.cz\/?p=1792"},"modified":"2023-10-06T19:58:49","modified_gmt":"2023-10-06T17:58:49","slug":"cteni-ve-vlaku-2023","status":"publish","type":"post","link":"https:\/\/petrakubaskova.cz\/?p=1792","title":{"rendered":"\u010cten\u00ed ve vlaku 2023"},"content":{"rendered":"\n<p>Vlaky znamenaj\u00ed nostalgii. \u0158\u00edk\u00e1 se, \u017ee nejkr\u00e1sn\u011bj\u0161\u00ed pohled na sv\u011bt je z ko\u0148sk\u00e9ho h\u0159betu, ale z ok\u00e9nka jedouc\u00edho vlaku to tak\u00e9 nen\u00ed \u0161patn\u00e9. Kdy\u017e se p\u0159ed v\u00e1mi otev\u0159e panorama Vy\u0161ehradu nad \u0159ekou Vltavou nebo kdy\u017e se kolem rozprost\u0159ou lesy, ze kter\u00fdch tu a tam \u010dn\u00ed p\u00edskovcov\u00e9 sk\u00e1ly, a kolem se m\u00edhaj\u00ed domky jako z leporela&#8230; Jako by krajina sama vypr\u00e1v\u011bla p\u0159\u00edb\u011bh. Ov\u0161em Festival autorsk\u00e9ho \u010dten\u00ed tento z\u00e1\u017eitek posouv\u00e1 na novou \u00farove\u0148, proto\u017ee v\u00e1m \u010dtou na mikrofon p\u0159\u00edmo samotn\u00ed auto\u0159i &#8211; sta\u010d\u00ed nasednout do spr\u00e1vn\u00e9ho vag\u00f3nu. <\/p>\n\n\n\n<p>Leto\u0161n\u00ed ro\u010dn\u00edk byl jubilejn\u00ed, des\u00e1t\u00fd, a j\u00e1 jsem si tentokr\u00e1t rozd\u011blila milou \u010dtec\u00ed povinnost s mladou studuj\u00edc\u00ed autorkou Emili\u00ed \u017div\u010d\u00e1kovou, kter\u00e1 je obdivovatelkou um\u011bn\u00ed, tance a literatury 19. stolet\u00ed a jedn\u00edm z jej\u00edch obl\u00edben\u00fdch t\u00e9mat je \u017eensk\u00e1 ot\u00e1zka. Jej\u00ed pov\u00eddky vznikly v autorsk\u00fdch d\u00edln\u00e1ch pana Ji\u0159\u00edho D\u011bde\u010dka.<\/p>\n\n\n\n<figure class=\"wp-block-image size-large is-resized\"><img loading=\"lazy\" decoding=\"async\" src=\"https:\/\/petrakubaskova.cz\/wp-content\/uploads\/2023\/09\/IMG_20230919_101209-700x933.jpg\" alt=\"\" class=\"wp-image-1789\" style=\"width:304px;height:405px\" width=\"304\" height=\"405\"\/><\/figure>\n\n\n\n<p>Po dobu j\u00edzdy n\u00e1s podporovala ochotn\u00e1 pan\u00ed pr\u016fvod\u010d\u00ed a spoj \u010cesk\u00fdch drah n\u00e1s vezl z Prahy p\u0159es malebnou karl\u0161tejnskou krajinu do Berouna a zase zp\u011bt. J\u00e1 jsem p\u0159ed\u010d\u00edtala z Ocelov\u00fdch k\u0159\u00eddel mot\u00fdla a po prologu dostaly prostor postavy Kry\u0161tofa a Kairy.<\/p>\n\n\n\n<p>V galerii bych se s v\u00e1mi r\u00e1da pod\u011blila o fotografie po\u0159\u00edzen\u00e9 po\u0159adatelem, j\u00edm\u017e byly <strong>Vysok\u00e1 \u0161kola kreativn\u00ed komunikace<\/strong>,<strong>&nbsp;Liter\u00e1rn\u00ed akademie a S\u0160 a VO\u0160 Michael<\/strong>. D\u011bkuji i tentokr\u00e1t za tuto kr\u00e1snou p\u0159\u00edle\u017eitost a p\u0159eji mnoho \u00fasp\u011bch\u016f do dal\u0161\u00edch ro\u010dn\u00edk\u016f. <\/p>\n\n\n\n\n\n<figure class=\"wp-block-gallery has-nested-images columns-default is-cropped wp-block-gallery-1 is-layout-flex wp-block-gallery-is-layout-flex\">\n<figure class=\"wp-block-image size-large\"><img decoding=\"async\" data-id=\"1798\" src=\"https:\/\/petrakubaskova.cz\/wp-content\/uploads\/2023\/10\/9fa7b070-91dd-4cc7-8e9b-c4e74394bbb0-1-700x394.jpeg\" alt=\"\" class=\"wp-image-1798\"\/><\/figure>\n\n\n\n<figure class=\"wp-block-image size-large\"><img decoding=\"async\" data-id=\"1800\" src=\"https:\/\/petrakubaskova.cz\/wp-content\/uploads\/2023\/10\/6402e82d-c37b-40cc-a430-704971b7dd41-1-700x933.jpeg\" alt=\"\" class=\"wp-image-1800\"\/><\/figure>\n\n\n\n<figure class=\"wp-block-image size-large\"><img decoding=\"async\" data-id=\"1799\" src=\"https:\/\/petrakubaskova.cz\/wp-content\/uploads\/2023\/10\/1e6db1bb-d86d-443a-a176-b14b62aa6433-1-700x525.jpeg\" alt=\"\" class=\"wp-image-1799\"\/><\/figure>\n\n\n\n<figure class=\"wp-block-image size-large\"><img decoding=\"async\" data-id=\"1801\" src=\"https:\/\/petrakubaskova.cz\/wp-content\/uploads\/2023\/10\/21dff6c4-cfef-4395-81f4-31d08f25c01c-1-700x394.jpeg\" alt=\"\" class=\"wp-image-1801\"\/><\/figure>\n\n\n\n<figure class=\"wp-block-image size-large\"><img decoding=\"async\" data-id=\"1802\" src=\"https:\/\/petrakubaskova.cz\/wp-content\/uploads\/2023\/10\/89164b8b-5f97-4fc2-a825-d5e3c33017ef-1-700x1244.jpeg\" alt=\"\" class=\"wp-image-1802\"\/><\/figure>\n<\/figure>\n","protected":false},"excerpt":{"rendered":"<p>Vlaky znamenaj\u00ed nostalgii. \u0158\u00edk\u00e1 se, \u017ee nejkr\u00e1sn\u011bj\u0161\u00ed pohled na sv\u011bt je z ko\u0148sk\u00e9ho h\u0159betu, ale z ok\u00e9nka jedouc\u00edho vlaku to tak\u00e9 nen\u00ed \u0161patn\u00e9. Kdy\u017e se p\u0159ed v\u00e1mi otev\u0159e panorama Vy\u0161ehradu nad \u0159ekou Vltavou nebo kdy\u017e se kolem rozprost\u0159ou lesy, ze kter\u00fdch tu a tam \u010dn\u00ed p\u00edskovcov\u00e9 sk\u00e1ly, a kolem se m\u00edhaj\u00ed domky jako z leporela&#8230; Jako by krajina sama vypr\u00e1v\u011bla p\u0159\u00edb\u011bh. Ov\u0161em Festival autorsk\u00e9ho \u010dten\u00ed tento z\u00e1\u017eitek posouv\u00e1 na novou \u00farove\u0148, proto\u017ee v\u00e1m \u010dtou na mikrofon p\u0159\u00edmo samotn\u00ed auto\u0159i &#8211; sta\u010d\u00ed nasednout do spr\u00e1vn\u00e9ho vag\u00f3nu. Leto\u0161n\u00ed ro\u010dn\u00edk byl jubilejn\u00ed, des\u00e1t\u00fd, a j\u00e1 jsem si tentokr\u00e1t rozd\u011blila milou \u010dtec\u00ed povinnost s mladou studuj\u00edc\u00ed autorkou Emili\u00ed \u017div\u010d\u00e1kovou, kter\u00e1 je obdivovatelkou um\u011bn\u00ed, tance a literatury 19. stolet\u00ed a jedn\u00edm z jej\u00edch obl\u00edben\u00fdch t\u00e9mat je \u017eensk\u00e1 ot\u00e1zka. Jej\u00ed pov\u00eddky vznikly v autorsk\u00fdch d\u00edln\u00e1ch pana Ji\u0159\u00edho D\u011bde\u010dka. Po dobu j\u00edzdy n\u00e1s podporovala ochotn\u00e1 pan\u00ed pr\u016fvod\u010d\u00ed a spoj \u010cesk\u00fdch drah n\u00e1s vezl z Prahy p\u0159es malebnou karl\u0161tejnskou krajinu do Berouna a zase zp\u011bt. J\u00e1 jsem p\u0159ed\u010d\u00edtala z Ocelov\u00fdch k\u0159\u00eddel mot\u00fdla a po prologu dostaly prostor postavy Kry\u0161tofa a Kairy. V galerii bych se s v\u00e1mi r\u00e1da pod\u011blila o fotografie po\u0159\u00edzen\u00e9 po\u0159adatelem, j\u00edm\u017e byly Vysok\u00e1 \u0161kola kreativn\u00ed komunikace,&nbsp;Liter\u00e1rn\u00ed akademie a S\u0160 a VO\u0160 Michael. D\u011bkuji i tentokr\u00e1t za tuto kr\u00e1snou p\u0159\u00edle\u017eitost a p\u0159eji mnoho \u00fasp\u011bch\u016f do dal\u0161\u00edch ro\u010dn\u00edk\u016f.<\/p>\n","protected":false},"author":1,"featured_media":0,"comment_status":"closed","ping_status":"open","sticky":false,"template":"","format":"standard","meta":{"footnotes":""},"categories":[18],"tags":[],"class_list":["post-1792","post","type-post","status-publish","format-standard","hentry","category-blog"],"_links":{"self":[{"href":"https:\/\/petrakubaskova.cz\/index.php?rest_route=\/wp\/v2\/posts\/1792","targetHints":{"allow":["GET"]}}],"collection":[{"href":"https:\/\/petrakubaskova.cz\/index.php?rest_route=\/wp\/v2\/posts"}],"about":[{"href":"https:\/\/petrakubaskova.cz\/index.php?rest_route=\/wp\/v2\/types\/post"}],"author":[{"embeddable":true,"href":"https:\/\/petrakubaskova.cz\/index.php?rest_route=\/wp\/v2\/users\/1"}],"replies":[{"embeddable":true,"href":"https:\/\/petrakubaskova.cz\/index.php?rest_route=%2Fwp%2Fv2%2Fcomments&post=1792"}],"version-history":[{"count":4,"href":"https:\/\/petrakubaskova.cz\/index.php?rest_route=\/wp\/v2\/posts\/1792\/revisions"}],"predecessor-version":[{"id":1806,"href":"https:\/\/petrakubaskova.cz\/index.php?rest_route=\/wp\/v2\/posts\/1792\/revisions\/1806"}],"wp:attachment":[{"href":"https:\/\/petrakubaskova.cz\/index.php?rest_route=%2Fwp%2Fv2%2Fmedia&parent=1792"}],"wp:term":[{"taxonomy":"category","embeddable":true,"href":"https:\/\/petrakubaskova.cz\/index.php?rest_route=%2Fwp%2Fv2%2Fcategories&post=1792"},{"taxonomy":"post_tag","embeddable":true,"href":"https:\/\/petrakubaskova.cz\/index.php?rest_route=%2Fwp%2Fv2%2Ftags&post=1792"}],"curies":[{"name":"wp","href":"https:\/\/api.w.org\/{rel}","templated":true}]}}