{"id":765,"date":"2022-09-13T07:45:29","date_gmt":"2022-09-13T05:45:29","guid":{"rendered":"https:\/\/petrakubaskova.cz\/?p=765"},"modified":"2023-08-10T22:14:22","modified_gmt":"2023-08-10T20:14:22","slug":"cteni-ve-vlaku","status":"publish","type":"post","link":"https:\/\/petrakubaskova.cz\/?p=765","title":{"rendered":"\u010cten\u00ed ve vlaku"},"content":{"rendered":"\n<p>I letos se \u010dte ve vlaku! Vysok\u00e1 \u0161kola kreativn\u00ed komunikace po\u0159\u00e1d\u00e1 i letos Festival autorsk\u00e9ho \u010dten\u00ed ve vlaku. Jak to prob\u00edh\u00e1? Nastoup\u00edte do vybran\u00e9ho vlakov\u00e9ho spoje, kde v\u00e1m bude cestu zp\u0159\u00edjem\u0148ovat n\u011bkter\u00fd z \u010desk\u00fdch autor\u016f t\u00edm, \u017ee v\u00e1m bude \u010d\u00edst na mikrofon uk\u00e1zky ze sv\u00e9 knihy. Se mnou a tak\u00e9 s autorem Davidem La\u0148kou se m\u016f\u017eete potkat ve st\u0159edu 14. z\u00e1\u0159\u00ed na trati Praha Hlavn\u00ed n\u00e1dra\u017e\u00ed &#8211; Stran\u010dice a zp\u011bt. Z Prahy vyj\u00ed\u017ed\u00edme v 8:18 hodin a ze Stran\u010dic v 9:08. T\u011b\u0161\u00edme se! Ofici\u00e1ln\u00ed str\u00e1nky akce najdete zde: <a href=\"https:\/\/www.ctenivevlaku.cz\/\" target=\"_blank\" rel=\"noreferrer noopener\">https:\/\/www.ctenivevlaku.cz\/<\/a><\/p>\n","protected":false},"excerpt":{"rendered":"<p>I letos se \u010dte ve vlaku! Vysok\u00e1 \u0161kola kreativn\u00ed komunikace po\u0159\u00e1d\u00e1 i letos Festival autorsk\u00e9ho \u010dten\u00ed ve vlaku. Jak to prob\u00edh\u00e1? Nastoup\u00edte do vybran\u00e9ho vlakov\u00e9ho spoje, kde v\u00e1m bude cestu zp\u0159\u00edjem\u0148ovat n\u011bkter\u00fd z \u010desk\u00fdch autor\u016f t\u00edm, \u017ee v\u00e1m bude \u010d\u00edst na mikrofon uk\u00e1zky ze sv\u00e9 knihy. Se mnou a tak\u00e9 s autorem Davidem La\u0148kou se m\u016f\u017eete potkat ve st\u0159edu 14. z\u00e1\u0159\u00ed na trati Praha Hlavn\u00ed n\u00e1dra\u017e\u00ed &#8211; Stran\u010dice a zp\u011bt. Z Prahy vyj\u00ed\u017ed\u00edme v 8:18 hodin a ze Stran\u010dic v 9:08. T\u011b\u0161\u00edme se! Ofici\u00e1ln\u00ed str\u00e1nky akce najdete zde: https:\/\/www.ctenivevlaku.cz\/<\/p>\n","protected":false},"author":1,"featured_media":0,"comment_status":"closed","ping_status":"open","sticky":false,"template":"","format":"standard","meta":{"footnotes":""},"categories":[18,21],"tags":[],"class_list":["post-765","post","type-post","status-publish","format-standard","hentry","category-blog","category-clanky"],"_links":{"self":[{"href":"https:\/\/petrakubaskova.cz\/index.php?rest_route=\/wp\/v2\/posts\/765","targetHints":{"allow":["GET"]}}],"collection":[{"href":"https:\/\/petrakubaskova.cz\/index.php?rest_route=\/wp\/v2\/posts"}],"about":[{"href":"https:\/\/petrakubaskova.cz\/index.php?rest_route=\/wp\/v2\/types\/post"}],"author":[{"embeddable":true,"href":"https:\/\/petrakubaskova.cz\/index.php?rest_route=\/wp\/v2\/users\/1"}],"replies":[{"embeddable":true,"href":"https:\/\/petrakubaskova.cz\/index.php?rest_route=%2Fwp%2Fv2%2Fcomments&post=765"}],"version-history":[{"count":2,"href":"https:\/\/petrakubaskova.cz\/index.php?rest_route=\/wp\/v2\/posts\/765\/revisions"}],"predecessor-version":[{"id":768,"href":"https:\/\/petrakubaskova.cz\/index.php?rest_route=\/wp\/v2\/posts\/765\/revisions\/768"}],"wp:attachment":[{"href":"https:\/\/petrakubaskova.cz\/index.php?rest_route=%2Fwp%2Fv2%2Fmedia&parent=765"}],"wp:term":[{"taxonomy":"category","embeddable":true,"href":"https:\/\/petrakubaskova.cz\/index.php?rest_route=%2Fwp%2Fv2%2Fcategories&post=765"},{"taxonomy":"post_tag","embeddable":true,"href":"https:\/\/petrakubaskova.cz\/index.php?rest_route=%2Fwp%2Fv2%2Ftags&post=765"}],"curies":[{"name":"wp","href":"https:\/\/api.w.org\/{rel}","templated":true}]}}